{"id":3890,"date":"2025-12-18T02:45:02","date_gmt":"2025-12-18T01:45:02","guid":{"rendered":"https:\/\/tishk.org\/de\/?p=3890"},"modified":"2025-12-18T02:51:41","modified_gmt":"2025-12-18T01:51:41","slug":"21-dezember-yalda-nacht-seva-yeldaye-sevcile","status":"publish","type":"post","link":"https:\/\/tishk.org\/de\/2025\/12\/18\/21-dezember-yalda-nacht-seva-yeldaye-sevcile\/","title":{"rendered":"21. Dezember \u2013 Yalda-Nacht (\u015eeva Yelday\u00ea \/ \u015eev\u00e7ile)"},"content":{"rendered":"<div class=\"fusion-fullwidth fullwidth-box fusion-builder-row-1 fusion-flex-container has-pattern-background has-mask-background nonhundred-percent-fullwidth non-hundred-percent-height-scrolling\" style=\"--awb-border-radius-top-left:0px;--awb-border-radius-top-right:0px;--awb-border-radius-bottom-right:0px;--awb-border-radius-bottom-left:0px;--awb-flex-wrap:wrap;\" ><div class=\"fusion-builder-row fusion-row fusion-flex-align-items-flex-start fusion-flex-content-wrap\" style=\"max-width:1302px;margin-left: calc(-5% \/ 2 );margin-right: calc(-5% \/ 2 );\"><div class=\"fusion-layout-column fusion_builder_column fusion-builder-column-0 fusion_builder_column_1_1 1_1 fusion-flex-column\" style=\"--awb-bg-size:cover;--awb-width-large:100%;--awb-margin-top-large:0px;--awb-spacing-right-large:2.375%;--awb-margin-bottom-large:0px;--awb-spacing-left-large:2.375%;--awb-width-medium:100%;--awb-order-medium:0;--awb-spacing-right-medium:2.375%;--awb-spacing-left-medium:2.375%;--awb-width-small:100%;--awb-order-small:0;--awb-spacing-right-small:2.375%;--awb-spacing-left-small:2.375%;\"><div class=\"fusion-column-wrapper fusion-column-has-shadow fusion-flex-justify-content-flex-start fusion-content-layout-column\"><div class=\"fusion-text fusion-text-1\" style=\"--awb-content-alignment:justify;\"><p class=\"_aupe copyable-text x15bjb6t x1n2onr6\" style=\"text-align: justify;\"><strong><span style=\"font-size: 18pt; color: #00ccff;\">21. Dezember \u2013 Yalda-Nacht (\u015eew\u00ee Yelday\u00ea \/ \u015eev\u00e7ile)<\/span><\/strong><\/p>\n<p style=\"text-align: justify;\">Der 21. Dezember nimmt einen besonderen Platz im kulturellen Ged\u00e4chtnis der Kurden ein. Er markiert die Yalda-Nacht (kurdisch: \u015eew\u00ee Yelda oder \u015eev\u00e7ile), die l\u00e4ngste Nacht des Jahres und zugleich den Wendepunkt, an dem das Licht allm\u00e4hlich \u00fcber die Dunkelheit siegt. Diese Nacht f\u00e4llt mit der Wintersonnenwende zusammen und gilt traditionell als Beginn des Winters. In der kurdischen Erinnerung steht Yalda nicht nur f\u00fcr ein astronomisches Ereignis, sondern f\u00fcr eine tief verwurzelte symbolische Ordnung, in der Naturbeobachtung, Kosmologie, Religion und soziale Praxis miteinander verflochten sind.<\/p>\n<p style=\"text-align: justify;\"><span style=\"font-size: 14pt; color: #00ccff;\"><strong>Historische und religi\u00f6se Urspr\u00fcnge<\/strong><\/span><\/p>\n<p style=\"text-align: justify;\">Die Geschichte der Yalda-Nacht reicht bis in die vorislamischen Glaubens- und Denksysteme der Kurden und anderer V\u00f6lker in der Region zur\u00fcck. Im Mithraismus, einer zentralen religi\u00f6sen Tradition des altkurdischen Kulturraums, galt die Sonne (Xor \/ Roj) als Manifestation g\u00f6ttlicher Ordnung und Lebensenergie. Mithra, als g\u00f6ttliches Wesen des Lichts, der Wahrheit und des Bundes, symbolisierte die \u00dcberwindung der Finsternis.<\/p>\n<p style=\"text-align: justify;\">Nach mithraischer Vorstellung offenbarte Mithra am 21. Dezember seine Macht, indem er die Wiederkehr des Lichts verk\u00fcndete. Die l\u00e4ngste Nacht des Jahres wurde daher nicht als Bedrohung, sondern als Moment der Geburt des Lichts verstanden. Der Begriff Yalda selbst stammt aus dem Aram\u00e4ischen und bedeutet <a href=\"https:\/\/serkeftin.com\/yalda-nacht-sevcile\/\">\u201eGeburt\u201c<\/a>. In diesem Kontext wurde die Nacht als kosmischer \u00dcbergang interpretiert, in dem Hoffnung, Erneuerung und Kontinuit\u00e4t verankert sind.<\/p>\n<p style=\"text-align: justify;\"><span style=\"font-size: 14pt; color: #00ccff;\"><strong>Kosmologie und Symbolik<\/strong><\/span><\/p>\n<p style=\"text-align: justify;\">Die Yalda-Nacht verk\u00f6rpert eine grundlegende kosmologische Vorstellung: den zyklischen Sieg des Lichts \u00fcber die Dunkelheit. Nach der Sonnenwende beginnen die Tage wieder l\u00e4nger zu werden &#8211; ein nat\u00fcrlicher Prozess, der in der kurdischen Kultur seit Jahrtausenden symbolisch gedeutet wird. Die Sonne mit 21 Strahlen, ein zentrales Symbol in der kurdischen Tradition, verweist dabei auf Vollst\u00e4ndigkeit, Ordnung und spirituelle Balance.<\/p>\n<p style=\"text-align: justify;\">Naturph\u00e4nomene wie Schnee oder Regen in der Yalda-Nacht werden traditionell als Vorzeichen eines fruchtbaren Jahres interpretiert. Die enge Verbindung zwischen Natur, Zeitrechnung und sozialem Leben macht Yalda zu einem kulturellen Orientierungspunkt, vergleichbar mit Newroz, dem Fr\u00fchlings- und Neujahrsfest der Kurden und vieler anderen V\u00f6lker.<\/p>\n<p style=\"text-align: justify;\"><strong><span style=\"font-size: 14pt; color: #00ccff;\">Soziale Praxis und regionale Traditionen<\/span><\/strong><\/p>\n<p style=\"text-align: justify;\">Die Yalda-Nacht wird in unterschiedlichen Regionen Kurdistans auf vielf\u00e4ltige Weise gefeiert, wobei lokale Br\u00e4uche eine zentrale Rolle spielen. In Ost- und S\u00fcdkurdistan versammeln sich Familien nach Sonnenuntergang um reich gedeckte Tische. Traditionell geh\u00f6ren dazu Granat\u00e4pfel, Waln\u00fcsse, Weintrauben, Rosinen, getrocknete Feigen, \u0648Wassermelonen, Tee und S\u00fc\u00dfigkeiten. Feuer oder Kerzen werden entz\u00fcndet, um das Licht symbolisch zu bewahren.<\/p>\n<p style=\"text-align: justify;\">In einiger St\u00e4dten Ostkurdistan wird die Nacht als \u015eev\u00e7ile (\u201eNacht der Vierzig\u201c) bezeichnet \u2013 ein Verweis auf den Beginn einer vierzigt\u00e4gigen Winterperiode im traditionellen Kalender.\u00a0Gemeinsam sind diesen Praktiken das kollektive Beisammensein, das Erz\u00e4hlen von Geschichten, das Singen von Liedern sowie das Rezitieren klassischer Gedichte. Instrumente wie Tamb\u00fbr und Def begleiten die Feierlichkeiten.<\/p>\n<p style=\"text-align: justify;\">Die <a href=\"https:\/\/yekmal.de\/view\/168\/Yalda-Nacht\">Yalda-Nacht<\/a> nimmt auch in der kurdischen Literatur einen besonderen Platz ein. Der Dichter Nal\u00ee (1800\u20131856) widmete ihr ein ber\u00fchmtes Gedicht, das bis heute rezitiert wird und die emotionale und symbolische Tiefe dieser Nacht widerspiegelt. Gedichtsammlungen (Diwane) liegen traditionell auf dem Tisch und werden gemeinsam gelesen.<\/p>\n<p style=\"text-align: justify;\">In vielen Regionen wird Yalda daher als Nacht der Begegnung verstanden &#8211; eine Zeit, in der famili\u00e4re und soziale Bindungen erneuert werden. Auch in der kurdischen Diaspora erlebt die Yalda-Nacht seit einigen Jahren eine bewusste Wiederbelebung.<\/p>\n<p style=\"text-align: justify;\">Die Yalda-Nacht ist Ausdruck eines fr\u00fchen wissenschaftlichen und philosophischen Zugangs zur Welt. Durch genaue Beobachtung von Natur, Jahreszeiten und Himmelsk\u00f6rpern entwickelten die Menschen Kurdistans ein komplexes System der Zeitrechnung und Symboldeutung. Diese Erkenntnisse bildeten die Grundlage f\u00fcr kulturelle Feste wie Yalda und Newroz.<\/p>\n<p style=\"text-align: justify;\">Der geistige Kern dieser Tradition lebt bis heute insbesondere in einigen Gemeinschaften der \u00caz\u00eed\u00eeinnen, Alevitinnen und Yarsaninnen fort. Die Yalda-Nacht steht damit f\u00fcr eine lebendige kulturelle Kontinuit\u00e4t, die religi\u00f6se, soziale und wissenschaftliche Elemente miteinander verbindet.<\/p>\n<p><span style=\"font-size: 18pt; color: #00ccff;\"><strong>Der Nelkenapfel (S\u00eaw\u00ee M\u00eaxekir\u00eaj) \u2013 Liebe, Frieden und Symbolik<\/strong><\/span><\/p>\n<p>Ein besonderer Brauch in Ostkurdistan ist das Bedecken von \u00c4pfeln mit Nelken, der S\u00eaw\u00ee M\u00eaxekir\u00eaj. Familien und Freund*innen bereiten die \u00c4pfel vor, indem sie einzelne Nelken in die Schale stecken. Dieser Brauch dient mehreren Zwecken:<\/p>\n<ol>\n<li>Symbol der Liebe \u2013 Liebende schenken einander die Nelken\u00e4pfel, wenn Worte nicht ausreichen, um ihre Gef\u00fchle auszudr\u00fccken.<\/li>\n<li>Zeichen der Vers\u00f6hnung \u2013 Bei Streit oder Trennung kann ein solcher Apfel die Br\u00fccke f\u00fcr Vers\u00f6hnung und N\u00e4he sein.<\/li>\n<\/ol>\n<p>Nach dem Einstecken der Nelken trocknet der Apfel innerhalb von Wochen, bleibt aber \u00fcber Jahre hinweg haltbar. So wird der Nelkenapfel zu einem materiellen Tr\u00e4ger von Emotionen, der \u00fcber Generationen hinweg weitergegeben wird. Er verbindet Liebe, Frieden und Hoffnung mit der Gemeinschaft und ist bis heute ein sichtbares Symbol kurdischer Volkskultur.<\/p>\n<p style=\"text-align: justify;\"><span style=\"font-size: 14pt; color: #00ccff;\"><strong>Schlussbemerkung<\/strong><\/span><\/p>\n<p style=\"text-align: justify;\">Im Rahmen der Kurdish Memory Days steht die Yalda-Nacht f\u00fcr eine Erinnerung, die weit \u00fcber ein folkloristisches Fest hinausgeht. Sie symbolisiert die historische Tiefe kurdischer Kultur, den Widerstand gegen das Vergessen und die enge Verbindung zwischen Natur, Wissen und kollektiver Identit\u00e4t.<br \/>\nDer 21. Dezember erinnert daran, dass selbst in der l\u00e4ngsten Nacht das Licht nicht verschwindet, sondern neu geboren wird.<\/p>\n<\/div><\/div><\/div><\/div><\/div>\n","protected":false},"excerpt":{"rendered":"","protected":false},"author":1,"featured_media":3894,"comment_status":"closed","ping_status":"closed","sticky":false,"template":"","format":"standard","meta":{"_acf_changed":false,"give_campaign_id":0,"_jetpack_memberships_contains_paid_content":false,"footnotes":""},"categories":[190],"tags":[198,191,197,77,195,196,194],"class_list":["post-3890","post","type-post","status-publish","format-standard","has-post-thumbnail","hentry","category-kurdish-memory-days","tag-die-sonne-mit-21-strahlen","tag-kurdish-memory-days","tag-mithraismus","tag-news","tag-seva-yeldaye","tag-sevcile","tag-yalda-nacht"],"acf":[],"jetpack_featured_media_url":"https:\/\/tishk.org\/de\/wp-content\/uploads\/sites\/3\/2025\/12\/21.-Dezember-\u2013-Yalda-Nacht-\u2013-Sevcile-Web.png","jetpack_sharing_enabled":true,"_links":{"self":[{"href":"https:\/\/tishk.org\/de\/wp-json\/wp\/v2\/posts\/3890","targetHints":{"allow":["GET"]}}],"collection":[{"href":"https:\/\/tishk.org\/de\/wp-json\/wp\/v2\/posts"}],"about":[{"href":"https:\/\/tishk.org\/de\/wp-json\/wp\/v2\/types\/post"}],"author":[{"embeddable":true,"href":"https:\/\/tishk.org\/de\/wp-json\/wp\/v2\/users\/1"}],"replies":[{"embeddable":true,"href":"https:\/\/tishk.org\/de\/wp-json\/wp\/v2\/comments?post=3890"}],"version-history":[{"count":5,"href":"https:\/\/tishk.org\/de\/wp-json\/wp\/v2\/posts\/3890\/revisions"}],"predecessor-version":[{"id":3896,"href":"https:\/\/tishk.org\/de\/wp-json\/wp\/v2\/posts\/3890\/revisions\/3896"}],"wp:featuredmedia":[{"embeddable":true,"href":"https:\/\/tishk.org\/de\/wp-json\/wp\/v2\/media\/3894"}],"wp:attachment":[{"href":"https:\/\/tishk.org\/de\/wp-json\/wp\/v2\/media?parent=3890"}],"wp:term":[{"taxonomy":"category","embeddable":true,"href":"https:\/\/tishk.org\/de\/wp-json\/wp\/v2\/categories?post=3890"},{"taxonomy":"post_tag","embeddable":true,"href":"https:\/\/tishk.org\/de\/wp-json\/wp\/v2\/tags?post=3890"}],"curies":[{"name":"wp","href":"https:\/\/api.w.org\/{rel}","templated":true}]}}